{"id":8833,"date":"2026-06-05T23:41:19","date_gmt":"2026-06-05T21:41:19","guid":{"rendered":"https:\/\/www.tus-meersburg.com\/?p=8833"},"modified":"2026-08-30T23:43:58","modified_gmt":"2026-08-30T21:43:58","slug":"tus-quiz-am-05-06-2026","status":"publish","type":"post","link":"https:\/\/www.tus-meersburg.com\/index.php\/2026\/06\/05\/tus-quiz-am-05-06-2026\/","title":{"rendered":"TuS-Quiz am 05.06.2026"},"content":{"rendered":"<!--themify_builder_content-->\n<div id=\"themify_builder_content-8833\" data-postid=\"8833\" class=\"themify_builder_content themify_builder_content-8833 themify_builder tf_clear\">\n                    <div  data-lazy=\"1\" class=\"module_row themify_builder_row tb_k469440 tb_first tf_w\">\n                        <div class=\"row_inner col_align_top tb_col_count_1 tf_box tf_rel\">\n                        <div  data-lazy=\"1\" class=\"module_column tb-column col-full tb_q7pa314 first\">\n                    <!-- module text -->\n<div  class=\"module module-text tb_q7w1150   \" data-lazy=\"1\">\n        <div  class=\"tb_text_wrap\">\n        <p class=\"western\">Am Sonntag, 14. Juni war zum Abschluss eines sonnigen langen Wochenendes und nach dem Saisonabschluss der aktiven Mannschaften im Sommertal alles angerichtet f\u00fcr einen Viererspieltag unserer E2. Neben unserer Heimmannschaft waren noch die Mannschaften TSV Aach-Linz 2, SG Illmensee 2 und der FC Hohenfels-Sentenhart zu Gast. Der Spieltag wurde auf zwei parallelen Spielfeldern mit je einem Funino- und einem Kleinfeld ausgetragen.<\/p>\n<p class=\"western\">Insgesamt standen am Ende einige Teilerfolge f\u00fcr unsere Mannschaft, wobei der Spa\u00df wie immer im Vordergrund stand. Alle G\u00e4ste bedankten Sich im Anschluss f\u00fcr die gelungene Durchf\u00fchrung und das gute Wetter im Sommertal.<\/p>\n<p class=\"western\">Ein gelungener Saisonabschluss f\u00fcr unsere E2-Junioren, die auch in der kommenden Saison weitere Spieltage sowohl in der Herbst- als auch Fr\u00fchjahrsrunde absolvieren werden.<\/p>    <\/div>\n<\/div>\n<!-- \/module text -->        <\/div>\n                        <\/div>\n        <\/div>\n        <\/div>\n<!--\/themify_builder_content-->\n\n\n<figure class=\"wp-block-gallery has-nested-images columns-default is-cropped wp-block-gallery-1 is-layout-flex wp-block-gallery-is-layout-flex\">\n<figure class=\"wp-block-image size-full\"><img loading=\"lazy\" decoding=\"async\" width=\"847\" height=\"515\" data-id=\"8837\" src=\"https:\/\/www.tus-meersburg.com\/wp-content\/uploads\/2026\/08\/TuS-Quiz-05.06.2026-Gruppenbild.png\" alt=\"\" class=\"wp-image-8837\" srcset=\"https:\/\/www.tus-meersburg.com\/wp-content\/uploads\/2026\/08\/TuS-Quiz-05.06.2026-Gruppenbild.png 847w, https:\/\/www.tus-meersburg.com\/wp-content\/uploads\/2026\/08\/TuS-Quiz-05.06.2026-Gruppenbild-300x182.png 300w, https:\/\/www.tus-meersburg.com\/wp-content\/uploads\/2026\/08\/TuS-Quiz-05.06.2026-Gruppenbild-766x466.png 766w\" sizes=\"auto, (max-width: 847px) 100vw, 847px\" \/><\/figure>\n\n\n\n<figure class=\"wp-block-image size-full\"><img loading=\"lazy\" decoding=\"async\" width=\"657\" height=\"542\" data-id=\"8836\" src=\"https:\/\/www.tus-meersburg.com\/wp-content\/uploads\/2026\/08\/TuS-Quiz-05.06.2026-Siegerteam.png\" alt=\"\" class=\"wp-image-8836\" srcset=\"https:\/\/www.tus-meersburg.com\/wp-content\/uploads\/2026\/08\/TuS-Quiz-05.06.2026-Siegerteam.png 657w, https:\/\/www.tus-meersburg.com\/wp-content\/uploads\/2026\/08\/TuS-Quiz-05.06.2026-Siegerteam-300x247.png 300w\" sizes=\"auto, (max-width: 657px) 100vw, 657px\" \/><\/figure>\n<\/figure>\n\n\n\n<figure class=\"wp-block-gallery has-nested-images columns-default is-cropped wp-block-gallery-2 is-layout-flex wp-block-gallery-is-layout-flex\"><\/figure>","protected":false},"excerpt":{"rendered":"<p>Kurz vor Saisonende und im Vorfeld der Lokalderbys gegen den RSV Hagnau war f\u00fcr die Spieler der aktiven Mannschaften des TuS Meersburg Quiztime angesagt. <\/p>\n","protected":false},"author":13,"featured_media":8838,"comment_status":"closed","ping_status":"closed","sticky":false,"template":"","format":"standard","meta":{"footnotes":""},"categories":[15,1],"tags":[],"class_list":["post-8833","post","type-post","status-publish","format-standard","has-post-thumbnail","hentry","category-erste-mannschaft","category-allgemein","has-post-title","has-post-date","has-post-category","has-post-tag","has-post-comment","has-post-author",""],"builder_content":"<p>Am Sonntag, 14. Juni war zum Abschluss eines sonnigen langen Wochenendes und nach dem Saisonabschluss der aktiven Mannschaften im Sommertal alles angerichtet f\u00fcr einen Viererspieltag unserer E2. Neben unserer Heimmannschaft waren noch die Mannschaften TSV Aach-Linz 2, SG Illmensee 2 und der FC Hohenfels-Sentenhart zu Gast. Der Spieltag wurde auf zwei parallelen Spielfeldern mit je einem Funino- und einem Kleinfeld ausgetragen.<\/p> <p>Insgesamt standen am Ende einige Teilerfolge f\u00fcr unsere Mannschaft, wobei der Spa\u00df wie immer im Vordergrund stand. Alle G\u00e4ste bedankten Sich im Anschluss f\u00fcr die gelungene Durchf\u00fchrung und das gute Wetter im Sommertal.<\/p> <p>Ein gelungener Saisonabschluss f\u00fcr unsere E2-Junioren, die auch in der kommenden Saison weitere Spieltage sowohl in der Herbst- als auch Fr\u00fchjahrsrunde absolvieren werden.<\/p>","_links":{"self":[{"href":"https:\/\/www.tus-meersburg.com\/index.php\/wp-json\/wp\/v2\/posts\/8833","targetHints":{"allow":["GET"]}}],"collection":[{"href":"https:\/\/www.tus-meersburg.com\/index.php\/wp-json\/wp\/v2\/posts"}],"about":[{"href":"https:\/\/www.tus-meersburg.com\/index.php\/wp-json\/wp\/v2\/types\/post"}],"author":[{"embeddable":true,"href":"https:\/\/www.tus-meersburg.com\/index.php\/wp-json\/wp\/v2\/users\/13"}],"replies":[{"embeddable":true,"href":"https:\/\/www.tus-meersburg.com\/index.php\/wp-json\/wp\/v2\/comments?post=8833"}],"version-history":[{"count":3,"href":"https:\/\/www.tus-meersburg.com\/index.php\/wp-json\/wp\/v2\/posts\/8833\/revisions"}],"predecessor-version":[{"id":8839,"href":"https:\/\/www.tus-meersburg.com\/index.php\/wp-json\/wp\/v2\/posts\/8833\/revisions\/8839"}],"wp:featuredmedia":[{"embeddable":true,"href":"https:\/\/www.tus-meersburg.com\/index.php\/wp-json\/wp\/v2\/media\/8838"}],"wp:attachment":[{"href":"https:\/\/www.tus-meersburg.com\/index.php\/wp-json\/wp\/v2\/media?parent=8833"}],"wp:term":[{"taxonomy":"category","embeddable":true,"href":"https:\/\/www.tus-meersburg.com\/index.php\/wp-json\/wp\/v2\/categories?post=8833"},{"taxonomy":"post_tag","embeddable":true,"href":"https:\/\/www.tus-meersburg.com\/index.php\/wp-json\/wp\/v2\/tags?post=8833"}],"curies":[{"name":"wp","href":"https:\/\/api.w.org\/{rel}","templated":true}]}}