{"id":8861,"date":"2026-06-21T23:55:46","date_gmt":"2026-06-21T21:55:46","guid":{"rendered":"https:\/\/www.tus-meersburg.com\/?p=8861"},"modified":"2026-08-30T23:59:23","modified_gmt":"2026-08-30T21:59:23","slug":"erfolg-fuer-die-ah-beim-volksradfahren-2026-in-baitenhausen","status":"publish","type":"post","link":"https:\/\/www.tus-meersburg.com\/index.php\/2026\/06\/21\/erfolg-fuer-die-ah-beim-volksradfahren-2026-in-baitenhausen\/","title":{"rendered":"Erfolg f\u00fcr die AH beim Volksradfahren 2026 in Baitenhausen"},"content":{"rendered":"<!--themify_builder_content-->\n<div id=\"themify_builder_content-8861\" data-postid=\"8861\" class=\"themify_builder_content themify_builder_content-8861 themify_builder tf_clear\">\n                    <div  data-lazy=\"1\" class=\"module_row themify_builder_row tb_10fp006 tb_first tf_w\">\n                        <div class=\"row_inner col_align_top tb_col_count_1 tf_box tf_rel\">\n                        <div  data-lazy=\"1\" class=\"module_column tb-column col-full tb_uk04267 first\">\n                    <!-- module text -->\n<div  class=\"module module-text tb_72fu026   \" data-lazy=\"1\">\n        <div  class=\"tb_text_wrap\">\n        <p class=\"western\">Wie bereits in den vergangenen Jahren auch nahmen wieder zahlreiche Mitglieder trotz extrem hoher Temperaturen beim allj\u00e4hrlichen Volksradeln in Baitenhausen am 21.06.2026. Hier galt es eine sch\u00f6ne Runde Fahrrad zu fahren und miteinander einen sch\u00f6nen Sonntag zu verbringen.<\/p>\n<p class=\"western\">Da in diesem Jahr 2 Konkurrenten genau gleich viele Teilnehmer stellten musste dieses Jahr eine Sch\u00e4tzfrage \u00fcber den Sieg entscheiden. Hier bewiesen die Teamkapit\u00e4ne Fachwissen und konnten sich den Sieg und den Wanderpokal sichern, der jetzt bis n\u00e4chstes Jahr im Clubheim zu bewundern sein wird.<\/p>\n<p class=\"western\">Im Anschluss wurde der Erfolg mit einem netten Beisammen sein. Im n\u00e4chsten Jahr wird dann jeder freiwillige Fahrradfahrer wie beispielsweise Alexander Dreher ben\u00f6tigt werden, um den Titel auch im Jahr 2027 verteidigen zu k\u00f6nnen.<\/p>    <\/div>\n<\/div>\n<!-- \/module text -->        <\/div>\n                        <\/div>\n        <\/div>\n        <\/div>\n<!--\/themify_builder_content-->\n\n\n<figure class=\"wp-block-gallery has-nested-images columns-default is-cropped wp-block-gallery-1 is-layout-flex wp-block-gallery-is-layout-flex\">\n<figure class=\"wp-block-image size-large\"><img loading=\"lazy\" decoding=\"async\" width=\"768\" height=\"1024\" data-id=\"8866\" src=\"https:\/\/www.tus-meersburg.com\/wp-content\/uploads\/2026\/08\/20260807_111525-768x1024-1.jpg\" alt=\"\" class=\"wp-image-8866\" srcset=\"https:\/\/www.tus-meersburg.com\/wp-content\/uploads\/2026\/08\/20260807_111525-768x1024-1.jpg 768w, https:\/\/www.tus-meersburg.com\/wp-content\/uploads\/2026\/08\/20260807_111525-225x300.jpg 225w, https:\/\/www.tus-meersburg.com\/wp-content\/uploads\/2026\/08\/20260807_111525-432x576.jpg 432w, https:\/\/www.tus-meersburg.com\/wp-content\/uploads\/2026\/08\/20260807_111525-1152x1536-1.jpg 1152w, https:\/\/www.tus-meersburg.com\/wp-content\/uploads\/2026\/08\/20260807_111525-1536x2048-1.jpg 1536w, https:\/\/www.tus-meersburg.com\/wp-content\/uploads\/2026\/08\/20260807_111525-scaled-1.jpg 1920w\" sizes=\"auto, (max-width: 768px) 100vw, 768px\" \/><\/figure>\n\n\n\n<figure class=\"wp-block-image size-large\"><img loading=\"lazy\" decoding=\"async\" width=\"1024\" height=\"682\" data-id=\"8865\" src=\"https:\/\/www.tus-meersburg.com\/wp-content\/uploads\/2026\/08\/IMG-20260621-WA0005-1024x682.jpg\" alt=\"\" class=\"wp-image-8865\" srcset=\"https:\/\/www.tus-meersburg.com\/wp-content\/uploads\/2026\/08\/IMG-20260621-WA0005-1024x682.jpg 1024w, https:\/\/www.tus-meersburg.com\/wp-content\/uploads\/2026\/08\/IMG-20260621-WA0005-300x200.jpg 300w, https:\/\/www.tus-meersburg.com\/wp-content\/uploads\/2026\/08\/IMG-20260621-WA0005-767x511.jpg 767w, https:\/\/www.tus-meersburg.com\/wp-content\/uploads\/2026\/08\/IMG-20260621-WA0005.jpg 1280w\" sizes=\"auto, (max-width: 1024px) 100vw, 1024px\" \/><\/figure>\n<\/figure>\n\n\n\n<figure class=\"wp-block-gallery has-nested-images columns-default is-cropped wp-block-gallery-2 is-layout-flex wp-block-gallery-is-layout-flex\"><\/figure>","protected":false},"excerpt":{"rendered":"<p>Wie bereits in den vergangenen Jahren auch nahmen wieder zahlreiche Mitglieder trotz extrem hoher Temperaturen beim allj\u00e4hrlichen Volksradeln in Baitenhausen am 21.06.2026. Hier galt es eine sch\u00f6ne Runde Fahrrad zu fahren und miteinander einen sch\u00f6nen Sonntag zu verbringen. <\/p>\n","protected":false},"author":13,"featured_media":8864,"comment_status":"closed","ping_status":"closed","sticky":false,"template":"","format":"standard","meta":{"footnotes":""},"categories":[17,1],"tags":[],"class_list":["post-8861","post","type-post","status-publish","format-standard","has-post-thumbnail","hentry","category-ah","category-allgemein","has-post-title","has-post-date","has-post-category","has-post-tag","has-post-comment","has-post-author",""],"builder_content":"<p>Wie bereits in den vergangenen Jahren auch nahmen wieder zahlreiche Mitglieder trotz extrem hoher Temperaturen beim allj\u00e4hrlichen Volksradeln in Baitenhausen am 21.06.2026. Hier galt es eine sch\u00f6ne Runde Fahrrad zu fahren und miteinander einen sch\u00f6nen Sonntag zu verbringen.<\/p> <p>Da in diesem Jahr 2 Konkurrenten genau gleich viele Teilnehmer stellten musste dieses Jahr eine Sch\u00e4tzfrage \u00fcber den Sieg entscheiden. Hier bewiesen die Teamkapit\u00e4ne Fachwissen und konnten sich den Sieg und den Wanderpokal sichern, der jetzt bis n\u00e4chstes Jahr im Clubheim zu bewundern sein wird.<\/p> <p>Im Anschluss wurde der Erfolg mit einem netten Beisammen sein. Im n\u00e4chsten Jahr wird dann jeder freiwillige Fahrradfahrer wie beispielsweise Alexander Dreher ben\u00f6tigt werden, um den Titel auch im Jahr 2027 verteidigen zu k\u00f6nnen.<\/p>","_links":{"self":[{"href":"https:\/\/www.tus-meersburg.com\/index.php\/wp-json\/wp\/v2\/posts\/8861","targetHints":{"allow":["GET"]}}],"collection":[{"href":"https:\/\/www.tus-meersburg.com\/index.php\/wp-json\/wp\/v2\/posts"}],"about":[{"href":"https:\/\/www.tus-meersburg.com\/index.php\/wp-json\/wp\/v2\/types\/post"}],"author":[{"embeddable":true,"href":"https:\/\/www.tus-meersburg.com\/index.php\/wp-json\/wp\/v2\/users\/13"}],"replies":[{"embeddable":true,"href":"https:\/\/www.tus-meersburg.com\/index.php\/wp-json\/wp\/v2\/comments?post=8861"}],"version-history":[{"count":4,"href":"https:\/\/www.tus-meersburg.com\/index.php\/wp-json\/wp\/v2\/posts\/8861\/revisions"}],"predecessor-version":[{"id":8868,"href":"https:\/\/www.tus-meersburg.com\/index.php\/wp-json\/wp\/v2\/posts\/8861\/revisions\/8868"}],"wp:featuredmedia":[{"embeddable":true,"href":"https:\/\/www.tus-meersburg.com\/index.php\/wp-json\/wp\/v2\/media\/8864"}],"wp:attachment":[{"href":"https:\/\/www.tus-meersburg.com\/index.php\/wp-json\/wp\/v2\/media?parent=8861"}],"wp:term":[{"taxonomy":"category","embeddable":true,"href":"https:\/\/www.tus-meersburg.com\/index.php\/wp-json\/wp\/v2\/categories?post=8861"},{"taxonomy":"post_tag","embeddable":true,"href":"https:\/\/www.tus-meersburg.com\/index.php\/wp-json\/wp\/v2\/tags?post=8861"}],"curies":[{"name":"wp","href":"https:\/\/api.w.org\/{rel}","templated":true}]}}