{"id":8869,"date":"2026-07-01T23:59:00","date_gmt":"2026-07-01T21:59:00","guid":{"rendered":"https:\/\/www.tus-meersburg.com\/?p=8869"},"modified":"2026-08-31T00:01:56","modified_gmt":"2026-08-30T22:01:56","slug":"tus-meersburg-el-classico-zum-abschluss","status":"publish","type":"post","link":"https:\/\/www.tus-meersburg.com\/index.php\/2026\/07\/01\/tus-meersburg-el-classico-zum-abschluss\/","title":{"rendered":"TuS Meersburg EL Classico zum Abschluss"},"content":{"rendered":"<!--themify_builder_content-->\n<div id=\"themify_builder_content-8869\" data-postid=\"8869\" class=\"themify_builder_content themify_builder_content-8869 themify_builder tf_clear\">\n                    <div  data-lazy=\"1\" class=\"module_row themify_builder_row tb_6ss9022 tb_first tf_w\">\n                        <div class=\"row_inner col_align_top tb_col_count_1 tf_box tf_rel\">\n                        <div  data-lazy=\"1\" class=\"module_column tb-column col-full tb_p3sy601 first\">\n                    <!-- module text -->\n<div  class=\"module module-text tb_mt8i920   \" data-lazy=\"1\">\n        <div  class=\"tb_text_wrap\">\n        <p class=\"western\">Nachdem die 2. Mannschaft ihr letztes Saisonspiel nicht auf dem Spielfeld aufgrund des Nichtantritts vom Gegner SC Markdorf III absolvieren gab es doch noch die M\u00f6glichkeit die Saison auf dem Spielfeld zu beenden. Also wurde f\u00fcr Mittwoch, 01.07.2026 die M\u00f6glichkeit gefunden gegen die eigene AH anzutreten, was aber auch schon Wochen im Voraus vereinbart war.<\/p>\n<p class=\"western\">In einem sehr fairen Spiel und der sehr guten Leitung von TuS-Schiedsrichter Theo Braun hatten viele Spieler bei beiden Mannschaften sehr viel Spa\u00df. Ergebnis und Torsch\u00fctzen sind den Teilnehmern und Zuschauern bekannt, stehen bei diesem Event allerdings nicht im Vordergrund.<\/p>\n<p class=\"western\">F\u00fcr die 2. Mannschaft bestand dort auch nochmals die M\u00f6glichkeit in der Besetzung der abgelaufenen Saison ein Spiel zu absolvieren. Ggf. werden die Mannschaften in der kommenden Saison etwas durchgemischt, sodass einige Spieler in der 1. Mannschaft aktiv sein werden. Au\u00dferdem wurden mit S\u00f6ren Deppe und Moritz Hueber zwei sehr verdiente Spieler auf dem Feld verabschiedet. Beide waren nicht nur in der Mannschaft, sondern auch im Verein auch als Jugendtrainer stark engagiert. Im Namen der Mannschaft euch beiden alles Gute und wir hoffen, dass wir euch bald wieder sehen und vielleicht wieder im TuS-Trikot begr\u00fc\u00dfen d\u00fcrfen.<\/p>    <\/div>\n<\/div>\n<!-- \/module text -->        <\/div>\n                        <\/div>\n        <\/div>\n        <\/div>\n<!--\/themify_builder_content-->\n\n\n<figure class=\"wp-block-gallery has-nested-images columns-default is-cropped wp-block-gallery-1 is-layout-flex wp-block-gallery-is-layout-flex\">\n<figure class=\"wp-block-image size-full\"><img loading=\"lazy\" decoding=\"async\" width=\"752\" height=\"490\" data-id=\"8874\" src=\"https:\/\/www.tus-meersburg.com\/wp-content\/uploads\/2026\/08\/TuS-II_TuS-AH-01.07.2026-Gruppenbild.png\" alt=\"\" class=\"wp-image-8874\" srcset=\"https:\/\/www.tus-meersburg.com\/wp-content\/uploads\/2026\/08\/TuS-II_TuS-AH-01.07.2026-Gruppenbild.png 752w, https:\/\/www.tus-meersburg.com\/wp-content\/uploads\/2026\/08\/TuS-II_TuS-AH-01.07.2026-Gruppenbild-300x195.png 300w\" sizes=\"auto, (max-width: 752px) 100vw, 752px\" \/><\/figure>\n\n\n\n<figure class=\"wp-block-image size-full\"><img loading=\"lazy\" decoding=\"async\" width=\"876\" height=\"291\" data-id=\"8873\" src=\"https:\/\/www.tus-meersburg.com\/wp-content\/uploads\/2026\/08\/TuS-II_TuS-AH-01.07.2026-Bild-1.png\" alt=\"\" class=\"wp-image-8873\" srcset=\"https:\/\/www.tus-meersburg.com\/wp-content\/uploads\/2026\/08\/TuS-II_TuS-AH-01.07.2026-Bild-1.png 876w, https:\/\/www.tus-meersburg.com\/wp-content\/uploads\/2026\/08\/TuS-II_TuS-AH-01.07.2026-Bild-1-300x100.png 300w, https:\/\/www.tus-meersburg.com\/wp-content\/uploads\/2026\/08\/TuS-II_TuS-AH-01.07.2026-Bild-1-768x255.png 768w\" sizes=\"auto, (max-width: 876px) 100vw, 876px\" \/><\/figure>\n\n\n\n<figure class=\"wp-block-image size-full\"><img loading=\"lazy\" decoding=\"async\" width=\"544\" height=\"432\" data-id=\"8872\" src=\"https:\/\/www.tus-meersburg.com\/wp-content\/uploads\/2026\/08\/TuS-II_TuS-AH-01.07.2026-Bild-2.png\" alt=\"\" class=\"wp-image-8872\" srcset=\"https:\/\/www.tus-meersburg.com\/wp-content\/uploads\/2026\/08\/TuS-II_TuS-AH-01.07.2026-Bild-2.png 544w, https:\/\/www.tus-meersburg.com\/wp-content\/uploads\/2026\/08\/TuS-II_TuS-AH-01.07.2026-Bild-2-300x238.png 300w\" sizes=\"auto, (max-width: 544px) 100vw, 544px\" \/><\/figure>\n<\/figure>\n\n\n\n<figure class=\"wp-block-gallery has-nested-images columns-default is-cropped wp-block-gallery-2 is-layout-flex wp-block-gallery-is-layout-flex\"><\/figure>","protected":false},"excerpt":{"rendered":"<p>Nachdem die 2. Mannschaft ihr letztes Saisonspiel nicht auf dem Spielfeld aufgrund des Nichtantritts vom Gegner SC Markdorf III absolvieren gab es doch noch die M\u00f6glichkeit die Saison auf dem Spielfeld zu beenden. Also wurde f\u00fcr Mittwoch, 01.07.2026 die M\u00f6glichkeit gefunden gegen die eigene AH anzutreten, was aber auch schon Wochen im Voraus vereinbart war.<\/p>\n","protected":false},"author":13,"featured_media":8873,"comment_status":"closed","ping_status":"closed","sticky":false,"template":"","format":"standard","meta":{"footnotes":""},"categories":[1,18],"tags":[],"class_list":["post-8869","post","type-post","status-publish","format-standard","has-post-thumbnail","hentry","category-allgemein","category-jugend","has-post-title","has-post-date","has-post-category","has-post-tag","has-post-comment","has-post-author",""],"builder_content":"<p>Nachdem die 2. Mannschaft ihr letztes Saisonspiel nicht auf dem Spielfeld aufgrund des Nichtantritts vom Gegner SC Markdorf III absolvieren gab es doch noch die M\u00f6glichkeit die Saison auf dem Spielfeld zu beenden. Also wurde f\u00fcr Mittwoch, 01.07.2026 die M\u00f6glichkeit gefunden gegen die eigene AH anzutreten, was aber auch schon Wochen im Voraus vereinbart war.<\/p> <p>In einem sehr fairen Spiel und der sehr guten Leitung von TuS-Schiedsrichter Theo Braun hatten viele Spieler bei beiden Mannschaften sehr viel Spa\u00df. Ergebnis und Torsch\u00fctzen sind den Teilnehmern und Zuschauern bekannt, stehen bei diesem Event allerdings nicht im Vordergrund.<\/p> <p>F\u00fcr die 2. Mannschaft bestand dort auch nochmals die M\u00f6glichkeit in der Besetzung der abgelaufenen Saison ein Spiel zu absolvieren. Ggf. werden die Mannschaften in der kommenden Saison etwas durchgemischt, sodass einige Spieler in der 1. Mannschaft aktiv sein werden. Au\u00dferdem wurden mit S\u00f6ren Deppe und Moritz Hueber zwei sehr verdiente Spieler auf dem Feld verabschiedet. Beide waren nicht nur in der Mannschaft, sondern auch im Verein auch als Jugendtrainer stark engagiert. Im Namen der Mannschaft euch beiden alles Gute und wir hoffen, dass wir euch bald wieder sehen und vielleicht wieder im TuS-Trikot begr\u00fc\u00dfen d\u00fcrfen.<\/p>","_links":{"self":[{"href":"https:\/\/www.tus-meersburg.com\/index.php\/wp-json\/wp\/v2\/posts\/8869","targetHints":{"allow":["GET"]}}],"collection":[{"href":"https:\/\/www.tus-meersburg.com\/index.php\/wp-json\/wp\/v2\/posts"}],"about":[{"href":"https:\/\/www.tus-meersburg.com\/index.php\/wp-json\/wp\/v2\/types\/post"}],"author":[{"embeddable":true,"href":"https:\/\/www.tus-meersburg.com\/index.php\/wp-json\/wp\/v2\/users\/13"}],"replies":[{"embeddable":true,"href":"https:\/\/www.tus-meersburg.com\/index.php\/wp-json\/wp\/v2\/comments?post=8869"}],"version-history":[{"count":4,"href":"https:\/\/www.tus-meersburg.com\/index.php\/wp-json\/wp\/v2\/posts\/8869\/revisions"}],"predecessor-version":[{"id":8876,"href":"https:\/\/www.tus-meersburg.com\/index.php\/wp-json\/wp\/v2\/posts\/8869\/revisions\/8876"}],"wp:featuredmedia":[{"embeddable":true,"href":"https:\/\/www.tus-meersburg.com\/index.php\/wp-json\/wp\/v2\/media\/8873"}],"wp:attachment":[{"href":"https:\/\/www.tus-meersburg.com\/index.php\/wp-json\/wp\/v2\/media?parent=8869"}],"wp:term":[{"taxonomy":"category","embeddable":true,"href":"https:\/\/www.tus-meersburg.com\/index.php\/wp-json\/wp\/v2\/categories?post=8869"},{"taxonomy":"post_tag","embeddable":true,"href":"https:\/\/www.tus-meersburg.com\/index.php\/wp-json\/wp\/v2\/tags?post=8869"}],"curies":[{"name":"wp","href":"https:\/\/api.w.org\/{rel}","templated":true}]}}