{"id":8877,"date":"2026-08-08T00:04:01","date_gmt":"2026-08-07T22:04:01","guid":{"rendered":"https:\/\/www.tus-meersburg.com\/?p=8877"},"modified":"2026-08-31T00:06:01","modified_gmt":"2026-08-30T22:06:01","slug":"arbeitsdienst-abteilung-fussball-08-08-2026","status":"publish","type":"post","link":"https:\/\/www.tus-meersburg.com\/index.php\/2026\/08\/08\/arbeitsdienst-abteilung-fussball-08-08-2026\/","title":{"rendered":"Arbeitsdienst Abteilung Fu\u00dfball 08.08.2026"},"content":{"rendered":"<!--themify_builder_content-->\n<div id=\"themify_builder_content-8877\" data-postid=\"8877\" class=\"themify_builder_content themify_builder_content-8877 themify_builder tf_clear\">\n                    <div  data-lazy=\"1\" class=\"module_row themify_builder_row tb_aszl000 tb_first tf_w\">\n                        <div class=\"row_inner col_align_top tb_col_count_1 tf_box tf_rel\">\n                        <div  data-lazy=\"1\" class=\"module_column tb-column col-full tb_s7ko006 first\">\n                    <!-- module text -->\n<div  class=\"module module-text tb_jvqk990   \" data-lazy=\"1\">\n        <div  class=\"tb_text_wrap\">\n        <p class=\"western\">Mitten in der Vorbereitung der beiden aktiven Mannschaften f\u00fcr die Saison 2026\/2027 hat die Fu\u00dfballabteilung am Samstag, 08.08.2026 erfolgreich einen Arbeitsdienst durchgef\u00fchrt. Hierbei waren mehr als 20 hochmotivierte Helfer dabei, die sich aus Mitgliedern des Vorstands, der beiden aktiven Mannschaften, der Alten Herren (AH), Jugendtrainern und Jugendspielern zusammensetzte.<\/p>\n<p class=\"western\"><a name=\"_Hlk175542961\"><\/a> Ziel des Arbeitsdienstes war es das Sportplatzgel\u00e4nde vor dem Saisonstart in einen guten Zustand zu versetzen, damit alle Zuschauer, Spieler und G\u00e4ste sicher unser Sportplatzgel\u00e4nde nutzen k\u00f6nnen. Die Kabinen wurden frisch gereinigt und ges\u00e4ubert. Zus\u00e4tzlich wurden um die Zuschauerb\u00e4nke \u00fcber der Trib\u00fcne gem\u00e4ht. Auch in der neuen Garage wurde einger\u00e4umt und der Ger\u00e4teschuppen teilweise ausger\u00e4umt. Die Hecken wurden nochmals geschnitten, der Spielplatz frisch gem\u00e4ht. Dar\u00fcber hinaus wurden einige Str\u00e4ucher und B\u00e4ume nochmals nachgeschnitten. Die Schuhputz-anlage wurde frisch gereinigt, auch Tornetze wurden bei s\u00e4mtlichen Toren kontrolliert und neu befestigt. Auch die Wege rund um das Clubheim und oberhalb der Parkpl\u00e4tze wurden wieder freigeschnitten.<\/p>\n<p class=\"western\">Wie immer kam auch der Spa\u00df nicht zu kurz und f\u00fcr ausreichend Verpflegung bei sehr war auch dieses Mal gesorgt. S\u00e4mtliche Helfer zeigten gro\u00dfen Elan und Einsatz trotz der sehr hei\u00dfen Temperaturen. So wurde es m\u00f6glich, dass s\u00e4mtliche geplanten T\u00e4tigkeiten auch erfolgreich vor der Mittagspause abgeschlossen werden konnten. Dort lie\u00dfen sich die Helfer dann Fleischk\u00e4se schmecken und k\u00fchle Getr\u00e4nke sorgten f\u00fcr etwas Abk\u00fchlung.<\/p>\n<p class=\"western\">Ein herzlicher Dank gilt an s\u00e4mtliche Helfer, die sich bei diesem Arbeitsdienst eingebracht haben. Ohne euren Einsatz und eure Hilfe w\u00e4re es nicht m\u00f6glich gewesen, diesen Kraftakt zu schaffen und das Sportplatzgel\u00e4nde vor dem Saisonstart in so einen guten Zustand zu versetzen.<\/p>    <\/div>\n<\/div>\n<!-- \/module text -->        <\/div>\n                        <\/div>\n        <\/div>\n        <\/div>\n<!--\/themify_builder_content-->\n\n\n<figure class=\"wp-block-gallery has-nested-images columns-default is-cropped wp-block-gallery-1 is-layout-flex wp-block-gallery-is-layout-flex\">\n<figure class=\"wp-block-image size-full\"><img loading=\"lazy\" decoding=\"async\" width=\"306\" height=\"367\" data-id=\"8880\" src=\"https:\/\/www.tus-meersburg.com\/wp-content\/uploads\/2026\/08\/Arbeitsdienst-08.08._Bild-1.png\" alt=\"\" class=\"wp-image-8880\" srcset=\"https:\/\/www.tus-meersburg.com\/wp-content\/uploads\/2026\/08\/Arbeitsdienst-08.08._Bild-1.png 306w, https:\/\/www.tus-meersburg.com\/wp-content\/uploads\/2026\/08\/Arbeitsdienst-08.08._Bild-1-250x300.png 250w\" sizes=\"auto, (max-width: 306px) 100vw, 306px\" \/><\/figure>\n\n\n\n<figure class=\"wp-block-image size-full\"><img loading=\"lazy\" decoding=\"async\" width=\"273\" height=\"565\" data-id=\"8881\" src=\"https:\/\/www.tus-meersburg.com\/wp-content\/uploads\/2026\/08\/Arbeitsdienst-08.08._Bild-2.png\" alt=\"\" class=\"wp-image-8881\" srcset=\"https:\/\/www.tus-meersburg.com\/wp-content\/uploads\/2026\/08\/Arbeitsdienst-08.08._Bild-2.png 273w, https:\/\/www.tus-meersburg.com\/wp-content\/uploads\/2026\/08\/Arbeitsdienst-08.08._Bild-2-145x300.png 145w\" sizes=\"auto, (max-width: 273px) 100vw, 273px\" \/><\/figure>\n\n\n\n<figure class=\"wp-block-image size-full\"><img loading=\"lazy\" decoding=\"async\" width=\"566\" height=\"574\" data-id=\"8884\" src=\"https:\/\/www.tus-meersburg.com\/wp-content\/uploads\/2026\/08\/Arbeitsdienst-08.08._Bild-3.png\" alt=\"\" class=\"wp-image-8884\" srcset=\"https:\/\/www.tus-meersburg.com\/wp-content\/uploads\/2026\/08\/Arbeitsdienst-08.08._Bild-3.png 566w, https:\/\/www.tus-meersburg.com\/wp-content\/uploads\/2026\/08\/Arbeitsdienst-08.08._Bild-3-296x300.png 296w\" sizes=\"auto, (max-width: 566px) 100vw, 566px\" \/><\/figure>\n\n\n\n<figure class=\"wp-block-image size-full\"><img loading=\"lazy\" decoding=\"async\" width=\"592\" height=\"584\" data-id=\"8885\" src=\"https:\/\/www.tus-meersburg.com\/wp-content\/uploads\/2026\/08\/Arbeitsdienst-08.08._Bild-4.png\" alt=\"\" class=\"wp-image-8885\" srcset=\"https:\/\/www.tus-meersburg.com\/wp-content\/uploads\/2026\/08\/Arbeitsdienst-08.08._Bild-4.png 592w, https:\/\/www.tus-meersburg.com\/wp-content\/uploads\/2026\/08\/Arbeitsdienst-08.08._Bild-4-300x296.png 300w\" sizes=\"auto, (max-width: 592px) 100vw, 592px\" \/><\/figure>\n\n\n\n<figure class=\"wp-block-image size-full\"><img loading=\"lazy\" decoding=\"async\" width=\"601\" height=\"453\" data-id=\"8882\" src=\"https:\/\/www.tus-meersburg.com\/wp-content\/uploads\/2026\/08\/Arbeitsdienst-08.08._Bild-5.png\" alt=\"\" class=\"wp-image-8882\" srcset=\"https:\/\/www.tus-meersburg.com\/wp-content\/uploads\/2026\/08\/Arbeitsdienst-08.08._Bild-5.png 601w, https:\/\/www.tus-meersburg.com\/wp-content\/uploads\/2026\/08\/Arbeitsdienst-08.08._Bild-5-300x226.png 300w\" sizes=\"auto, (max-width: 601px) 100vw, 601px\" \/><\/figure>\n\n\n\n<figure class=\"wp-block-image size-full\"><img loading=\"lazy\" decoding=\"async\" width=\"865\" height=\"537\" data-id=\"8883\" src=\"https:\/\/www.tus-meersburg.com\/wp-content\/uploads\/2026\/08\/Arbeitsdienst-08.08._Bild-6.png\" alt=\"\" class=\"wp-image-8883\" srcset=\"https:\/\/www.tus-meersburg.com\/wp-content\/uploads\/2026\/08\/Arbeitsdienst-08.08._Bild-6.png 865w, https:\/\/www.tus-meersburg.com\/wp-content\/uploads\/2026\/08\/Arbeitsdienst-08.08._Bild-6-300x186.png 300w, https:\/\/www.tus-meersburg.com\/wp-content\/uploads\/2026\/08\/Arbeitsdienst-08.08._Bild-6-767x476.png 767w\" sizes=\"auto, (max-width: 865px) 100vw, 865px\" \/><\/figure>\n<\/figure>\n\n\n\n<figure class=\"wp-block-gallery has-nested-images columns-default is-cropped wp-block-gallery-2 is-layout-flex wp-block-gallery-is-layout-flex\"><\/figure>","protected":false},"excerpt":{"rendered":"<p>Mitten in der Vorbereitung der beiden aktiven Mannschaften f\u00fcr die Saison 2026\/2027 hat die Fu\u00dfballabteilung am Samstag, 08.08.2026 erfolgreich einen Arbeitsdienst durchgef\u00fchrt. Hierbei waren mehr als 20 hochmotivierte Helfer dabei, die sich aus Mitgliedern des Vorstands, der beiden aktiven Mannschaften, der Alten Herren (AH), Jugendtrainern und Jugendspielern zusammensetzte.<\/p>\n","protected":false},"author":13,"featured_media":8886,"comment_status":"closed","ping_status":"closed","sticky":false,"template":"","format":"standard","meta":{"footnotes":""},"categories":[15,16,17,1,18],"tags":[],"class_list":["post-8877","post","type-post","status-publish","format-standard","has-post-thumbnail","hentry","category-erste-mannschaft","category-zweite-mannschaft","category-ah","category-allgemein","category-jugend","has-post-title","has-post-date","has-post-category","has-post-tag","has-post-comment","has-post-author",""],"builder_content":"<p>Mitten in der Vorbereitung der beiden aktiven Mannschaften f\u00fcr die Saison 2026\/2027 hat die Fu\u00dfballabteilung am Samstag, 08.08.2026 erfolgreich einen Arbeitsdienst durchgef\u00fchrt. Hierbei waren mehr als 20 hochmotivierte Helfer dabei, die sich aus Mitgliedern des Vorstands, der beiden aktiven Mannschaften, der Alten Herren (AH), Jugendtrainern und Jugendspielern zusammensetzte.<\/p> <p><a name=\"_Hlk175542961\"><\/a> Ziel des Arbeitsdienstes war es das Sportplatzgel\u00e4nde vor dem Saisonstart in einen guten Zustand zu versetzen, damit alle Zuschauer, Spieler und G\u00e4ste sicher unser Sportplatzgel\u00e4nde nutzen k\u00f6nnen. Die Kabinen wurden frisch gereinigt und ges\u00e4ubert. Zus\u00e4tzlich wurden um die Zuschauerb\u00e4nke \u00fcber der Trib\u00fcne gem\u00e4ht. Auch in der neuen Garage wurde einger\u00e4umt und der Ger\u00e4teschuppen teilweise ausger\u00e4umt. Die Hecken wurden nochmals geschnitten, der Spielplatz frisch gem\u00e4ht. Dar\u00fcber hinaus wurden einige Str\u00e4ucher und B\u00e4ume nochmals nachgeschnitten. Die Schuhputz-anlage wurde frisch gereinigt, auch Tornetze wurden bei s\u00e4mtlichen Toren kontrolliert und neu befestigt. Auch die Wege rund um das Clubheim und oberhalb der Parkpl\u00e4tze wurden wieder freigeschnitten.<\/p> <p>Wie immer kam auch der Spa\u00df nicht zu kurz und f\u00fcr ausreichend Verpflegung bei sehr war auch dieses Mal gesorgt. S\u00e4mtliche Helfer zeigten gro\u00dfen Elan und Einsatz trotz der sehr hei\u00dfen Temperaturen. So wurde es m\u00f6glich, dass s\u00e4mtliche geplanten T\u00e4tigkeiten auch erfolgreich vor der Mittagspause abgeschlossen werden konnten. Dort lie\u00dfen sich die Helfer dann Fleischk\u00e4se schmecken und k\u00fchle Getr\u00e4nke sorgten f\u00fcr etwas Abk\u00fchlung.<\/p> <p>Ein herzlicher Dank gilt an s\u00e4mtliche Helfer, die sich bei diesem Arbeitsdienst eingebracht haben. Ohne euren Einsatz und eure Hilfe w\u00e4re es nicht m\u00f6glich gewesen, diesen Kraftakt zu schaffen und das Sportplatzgel\u00e4nde vor dem Saisonstart in so einen guten Zustand zu versetzen.<\/p>","_links":{"self":[{"href":"https:\/\/www.tus-meersburg.com\/index.php\/wp-json\/wp\/v2\/posts\/8877","targetHints":{"allow":["GET"]}}],"collection":[{"href":"https:\/\/www.tus-meersburg.com\/index.php\/wp-json\/wp\/v2\/posts"}],"about":[{"href":"https:\/\/www.tus-meersburg.com\/index.php\/wp-json\/wp\/v2\/types\/post"}],"author":[{"embeddable":true,"href":"https:\/\/www.tus-meersburg.com\/index.php\/wp-json\/wp\/v2\/users\/13"}],"replies":[{"embeddable":true,"href":"https:\/\/www.tus-meersburg.com\/index.php\/wp-json\/wp\/v2\/comments?post=8877"}],"version-history":[{"count":4,"href":"https:\/\/www.tus-meersburg.com\/index.php\/wp-json\/wp\/v2\/posts\/8877\/revisions"}],"predecessor-version":[{"id":8888,"href":"https:\/\/www.tus-meersburg.com\/index.php\/wp-json\/wp\/v2\/posts\/8877\/revisions\/8888"}],"wp:featuredmedia":[{"embeddable":true,"href":"https:\/\/www.tus-meersburg.com\/index.php\/wp-json\/wp\/v2\/media\/8886"}],"wp:attachment":[{"href":"https:\/\/www.tus-meersburg.com\/index.php\/wp-json\/wp\/v2\/media?parent=8877"}],"wp:term":[{"taxonomy":"category","embeddable":true,"href":"https:\/\/www.tus-meersburg.com\/index.php\/wp-json\/wp\/v2\/categories?post=8877"},{"taxonomy":"post_tag","embeddable":true,"href":"https:\/\/www.tus-meersburg.com\/index.php\/wp-json\/wp\/v2\/tags?post=8877"}],"curies":[{"name":"wp","href":"https:\/\/api.w.org\/{rel}","templated":true}]}}