{"id":8889,"date":"2026-06-27T00:06:40","date_gmt":"2026-06-26T22:06:40","guid":{"rendered":"https:\/\/www.tus-meersburg.com\/?p=8889"},"modified":"2026-08-31T00:11:54","modified_gmt":"2026-08-30T22:11:54","slug":"saisonabschluss-der-aktiven-mannschaften-am-27-06-2026","status":"publish","type":"post","link":"https:\/\/www.tus-meersburg.com\/index.php\/2026\/06\/27\/saisonabschluss-der-aktiven-mannschaften-am-27-06-2026\/","title":{"rendered":"Saisonabschluss der aktiven Mannschaften am 27.06.2026"},"content":{"rendered":"<!--themify_builder_content-->\n<div id=\"themify_builder_content-8889\" data-postid=\"8889\" class=\"themify_builder_content themify_builder_content-8889 themify_builder tf_clear\">\n                    <div  data-lazy=\"1\" class=\"module_row themify_builder_row tb_u9t8670 tb_first tf_w\">\n                        <div class=\"row_inner col_align_top tb_col_count_1 tf_box tf_rel\">\n                        <div  data-lazy=\"1\" class=\"module_column tb-column col-full tb_s4q8001 first\">\n                    <!-- module text -->\n<div  class=\"module module-text tb_rm20063   \" data-lazy=\"1\">\n        <div  class=\"tb_text_wrap\">\n        <p class=\"western\">Am 27.06.2026 stand der Saisonabschluss der beiden aktiven Mannschaften an. Am hei\u00dfesten Tag des Jahres lie\u00dfen es sich einige unentwegte Spieler der 1. &amp; 2. Mannschaft nicht nehmen ihre fu\u00dfballerischen F\u00e4higkeiten beim Fu\u00dfballgolf im See-parkgolf in Pfullendorf unter Beweis zu stellen.<\/p>\n<p class=\"western\">In Kleingruppen ging es auf den Parcours, bei dem alle Teilnehmer ihr K\u00f6nnen zeigten und sichtlich Spa\u00df hatten. Gl\u00fccklicherweise konnten alle Teilnehmer den kompletten 18-Loch-Platz meistern und hitzebedingte Sch\u00e4den zog keiner davon.<\/p>\n<p class=\"western\">So ging es zu einer kurzen St\u00e4rkung mit Eis und k\u00fchlen Getr\u00e4nken im Biergarten ehe ein gelungener Saisonabschluss der Saison 2025\/2026 bei Familienpizzen und k\u00fchlen Getr\u00e4nken sowie einigen weiteren Wettbewerben am TuS-Gel\u00e4nde bis in die sp\u00e4ten Abendstunden zelebriert wurde.<\/p>    <\/div>\n<\/div>\n<!-- \/module text -->        <\/div>\n                        <\/div>\n        <\/div>\n        <\/div>\n<!--\/themify_builder_content-->\n\n\n<figure class=\"wp-block-gallery has-nested-images columns-default is-cropped wp-block-gallery-1 is-layout-flex wp-block-gallery-is-layout-flex\">\n<figure class=\"wp-block-image size-full\"><img loading=\"lazy\" decoding=\"async\" width=\"690\" height=\"332\" data-id=\"8894\" src=\"https:\/\/www.tus-meersburg.com\/wp-content\/uploads\/2026\/08\/Fussballgolf-Bild-1.png\" alt=\"\" class=\"wp-image-8894\" srcset=\"https:\/\/www.tus-meersburg.com\/wp-content\/uploads\/2026\/08\/Fussballgolf-Bild-1.png 690w, https:\/\/www.tus-meersburg.com\/wp-content\/uploads\/2026\/08\/Fussballgolf-Bild-1-300x144.png 300w\" sizes=\"auto, (max-width: 690px) 100vw, 690px\" \/><\/figure>\n\n\n\n<figure class=\"wp-block-image size-full\"><img loading=\"lazy\" decoding=\"async\" width=\"604\" height=\"337\" data-id=\"8893\" src=\"https:\/\/www.tus-meersburg.com\/wp-content\/uploads\/2026\/08\/Fussballgolf-Bild-2.png\" alt=\"\" class=\"wp-image-8893\" srcset=\"https:\/\/www.tus-meersburg.com\/wp-content\/uploads\/2026\/08\/Fussballgolf-Bild-2.png 604w, https:\/\/www.tus-meersburg.com\/wp-content\/uploads\/2026\/08\/Fussballgolf-Bild-2-300x167.png 300w\" sizes=\"auto, (max-width: 604px) 100vw, 604px\" \/><\/figure>\n\n\n\n<figure class=\"wp-block-image size-full\"><img loading=\"lazy\" decoding=\"async\" width=\"261\" height=\"146\" data-id=\"8892\" src=\"https:\/\/www.tus-meersburg.com\/wp-content\/uploads\/2026\/08\/Fussballgolf-Bild-3.png\" alt=\"\" class=\"wp-image-8892\"\/><\/figure>\n<\/figure>\n\n\n\n<figure class=\"wp-block-gallery has-nested-images columns-default is-cropped wp-block-gallery-2 is-layout-flex wp-block-gallery-is-layout-flex\"><\/figure>\n\n\n\n<figure class=\"wp-block-gallery has-nested-images columns-default is-cropped wp-block-gallery-3 is-layout-flex wp-block-gallery-is-layout-flex\"><\/figure>","protected":false},"excerpt":{"rendered":"<p>Am 27.06.2026 stand der Saisonabschluss der beiden aktiven Mannschaften an. Am hei\u00dfesten Tag des Jahres lie\u00dfen es sich einige unentwegte Spieler der 1. &#038; 2. Mannschaft nicht nehmen ihre fu\u00dfballerischen F\u00e4higkeiten beim Fu\u00dfballgolf im See-parkgolf in Pfullendorf unter Beweis zu stellen. <\/p>\n","protected":false},"author":13,"featured_media":8895,"comment_status":"closed","ping_status":"closed","sticky":false,"template":"","format":"standard","meta":{"footnotes":""},"categories":[15,16],"tags":[],"class_list":["post-8889","post","type-post","status-publish","format-standard","has-post-thumbnail","hentry","category-erste-mannschaft","category-zweite-mannschaft","has-post-title","has-post-date","has-post-category","has-post-tag","has-post-comment","has-post-author",""],"builder_content":"<p>Am 27.06.2026 stand der Saisonabschluss der beiden aktiven Mannschaften an. Am hei\u00dfesten Tag des Jahres lie\u00dfen es sich einige unentwegte Spieler der 1. &amp; 2. Mannschaft nicht nehmen ihre fu\u00dfballerischen F\u00e4higkeiten beim Fu\u00dfballgolf im See-parkgolf in Pfullendorf unter Beweis zu stellen.<\/p> <p>In Kleingruppen ging es auf den Parcours, bei dem alle Teilnehmer ihr K\u00f6nnen zeigten und sichtlich Spa\u00df hatten. Gl\u00fccklicherweise konnten alle Teilnehmer den kompletten 18-Loch-Platz meistern und hitzebedingte Sch\u00e4den zog keiner davon.<\/p> <p>So ging es zu einer kurzen St\u00e4rkung mit Eis und k\u00fchlen Getr\u00e4nken im Biergarten ehe ein gelungener Saisonabschluss der Saison 2025\/2026 bei Familienpizzen und k\u00fchlen Getr\u00e4nken sowie einigen weiteren Wettbewerben am TuS-Gel\u00e4nde bis in die sp\u00e4ten Abendstunden zelebriert wurde.<\/p>","_links":{"self":[{"href":"https:\/\/www.tus-meersburg.com\/index.php\/wp-json\/wp\/v2\/posts\/8889","targetHints":{"allow":["GET"]}}],"collection":[{"href":"https:\/\/www.tus-meersburg.com\/index.php\/wp-json\/wp\/v2\/posts"}],"about":[{"href":"https:\/\/www.tus-meersburg.com\/index.php\/wp-json\/wp\/v2\/types\/post"}],"author":[{"embeddable":true,"href":"https:\/\/www.tus-meersburg.com\/index.php\/wp-json\/wp\/v2\/users\/13"}],"replies":[{"embeddable":true,"href":"https:\/\/www.tus-meersburg.com\/index.php\/wp-json\/wp\/v2\/comments?post=8889"}],"version-history":[{"count":5,"href":"https:\/\/www.tus-meersburg.com\/index.php\/wp-json\/wp\/v2\/posts\/8889\/revisions"}],"predecessor-version":[{"id":8898,"href":"https:\/\/www.tus-meersburg.com\/index.php\/wp-json\/wp\/v2\/posts\/8889\/revisions\/8898"}],"wp:featuredmedia":[{"embeddable":true,"href":"https:\/\/www.tus-meersburg.com\/index.php\/wp-json\/wp\/v2\/media\/8895"}],"wp:attachment":[{"href":"https:\/\/www.tus-meersburg.com\/index.php\/wp-json\/wp\/v2\/media?parent=8889"}],"wp:term":[{"taxonomy":"category","embeddable":true,"href":"https:\/\/www.tus-meersburg.com\/index.php\/wp-json\/wp\/v2\/categories?post=8889"},{"taxonomy":"post_tag","embeddable":true,"href":"https:\/\/www.tus-meersburg.com\/index.php\/wp-json\/wp\/v2\/tags?post=8889"}],"curies":[{"name":"wp","href":"https:\/\/api.w.org\/{rel}","templated":true}]}}